{"id":2478,"date":"2018-09-10T13:25:13","date_gmt":"2018-09-10T11:25:13","guid":{"rendered":"http:\/\/wp.hardtmeute.de\/?p=2478"},"modified":"2018-09-11T20:51:59","modified_gmt":"2018-09-11T18:51:59","slug":"08-09-saisonauftakt-st-johann","status":"publish","type":"post","link":"http:\/\/wp.hardtmeute.de\/?p=2478","title":{"rendered":"08.09. Saisonauftakt St. Johann"},"content":{"rendered":"<p><img decoding=\"async\" class=\"mfp-img\" src=\"http:\/\/202.de\/wp-content\/uploads\/202.DE-2018-09-08-Herbstjagd-St.-Johann-2018-60-2048x1152.jpg\" \/><\/p>\n<p>Saisonauftakt der Hardt Meute<\/p>\n<p>Bei traumhaften, sp\u00e4tsommerlichen Wetter fand der Saisonauftakt der Hardt Meute des Badischen Schleppjagdvereins auf dem Gest\u00fctshof St. Johann des Haupt- und Landgest\u00fcts Marbach statt.<!--more--><br \/>\n\u00dcber 30 Jagdreiter waren aus dem L\u00e4ndle und dem angrenzenden Bayern zum Albtrauf \u00fcber Bad Urach gekommen. Hier jagte schon der legend\u00e4re Graf Eberhardt im Barte, der erste Herzog von W\u00fcrttemberg, sein Wahlspruch \u201e Attempo!\u201c (Ich wag es), passte gut zu den unerschrockenen Jagdreitern, die sich mit freudigem Hallo nach dem langen Sommer endlich wieder zum gemeinsamen Reiten mit den Hunden zusammenfanden. Besonders erfreulich, das einige neue Gesichter aus der Vielseitigkeitsszene den Reiz der Schleppjagd ausprobierten. Die Reiter trafen sich zu Pferd auf dem Hof vor der alten Fachwerkscheune. Als Vorsitzende und Jagdherrin Katja Grimm zur Begr\u00fc\u00dfung das Wort ergriff, war es pl\u00f6tzlich mucksm\u00e4uschenstill, die Pferde waren ruhig und aufmerksam, die Gespr\u00e4che der Zuschauer verstummten. Nachdem Horridoruf wurden die Hunde geholt und schon ging im Schritt unter den Kl\u00e4ngen der Rallye W\u00fcrttemberg, die die Jagd mit ihren Franz\u00f6sischen Jagdh\u00f6rner begleiteten, Richtung Schafhaus. Nach dem Wald und der langen Allee wurde die Schleppe gelegt und die Tricolour warteten ungeduldig bis sie endlich auf den Scent gelassen wurden. Die Hunde ab, spurtreu mit hellem Gel\u00e4ut vorweg und schon ging es los, bergauf und bergab und wieder bergauf. Hauptsattelmeister Herbert Strobel hatte die Streckenf\u00fchrung optimiert und einige neue Schlenker eingebaut, so konnten wir auf der ersten Schleppe noch gr\u00f6\u00dfere B\u00f6gen reiten und die Reiter ihre losst\u00fcrmenden Pferde gut im Zaume halten. Unbeschreiblich das Gef\u00fchl endlich wieder im Jagdfeld im hohen Tempo \u00fcber ausgedehnte Wiesen und Weiden in unber\u00fchrter Landschaft zu galoppieren, dabei das Gel\u00e4ut der Hunde, das Donnern der Hufe, das Schnauben der Pferde, der Klang des Parforcehorns und der Geruch von Erde, Wiese, Wald und Pferdeschwei\u00df. Am Ende der Schleppe, die Hunde gehorsam abgelegt, lie\u00dfen die Reiter ihre Pferde gegen den Hang auslaufen und es wich die Anspannung in den Gesichtern zu Erleichterung und Freude. Nach kurzer Schrittpause folgte eine weitere ausgedehnte Wiesenschleppe. Andrea Wiehn hatte die Meute gut im Griff und im hohen Tempo ging es weiter. Die n\u00e4chste Schleppe verlief Richtung Gest\u00fctshof nach kurzem bergauf nur noch gerade bergab und mancher Reiter hatte Bremsprobleme, aber unten konnten die Pferde im gro\u00dfen Bogen wieder pariert werden. Die Schrittpassage durch den Gest\u00fctshof nutzten Pferd und Reiter zum Ausschnaufen und die Hunde wurden am alten Trog getr\u00e4nkt, neugierig beobachtet von unz\u00e4hligen Wanderern und Radlern, die des Wegs kamen. Weiter ging es Richtung Fohlenhof auf die Sprungschleppe. Herbert Strobel hatte f\u00fcr 9 jagdgerechte Hindernisse gesorgt, die alle umritten werden konnten. H\u00f6hepunkt war das Heckenloch, das als erstes vom Schleppenleger Josef B\u00fcchele unerschrocken angeritten und gesprungen wurde. Die Equipage und ein Teil des Feldes folgte, bis eine junge Reiterin beim Landen mit ihrem Pferd stolperte und beide st\u00fcrzten. Das Hindernis wurde\u00a0 gesperrt und das Pferd konnte unbeschadet eingefangen werden. Die Reiterin wurde vom Team des Rotkreuz St. Johann sofort versorgt. Sie ist nach einem Krankenhauscheck in der Zwischenzeit wieder wohlauf und ihr geht es den Umst\u00e4nden entsprechend gut. Die aufgeschreckte Jagdgesellschaft zog im Schritt zum nahen Fohlenhof weiter und machte dort eine kurze Rast mit Imbiss und Getr\u00e4nken. Nach der Pause folgten noch 2 Schleppen, die erste mit Fernsicht \u00fcber den Albtrauf, der Stuttgarter Fernsehturm war in weiter Ferne zu sehen. Die Halalischleppe f\u00fchrte zur\u00fcck zum Gest\u00fctshof. Dort fand das Cure\u00e9 als Dank f\u00fcr die hervorragend gelaufenen Meutehunde auf der Wiese hinter dem Gest\u00fctsgasthof statt. Br\u00fcche und Kn\u00f6pfe wurden verteilt und alle Reiter waren dankbar und froh, gesund mit ihren Pferden diesen wundersch\u00f6nen Jagdtag gemeistert zu haben. Zum Sch\u00fcsseltreiben ging es ins Nahe Wanderheim des Albvereins.<\/p>\n<p>F\u00fcr die Hardt Meute ist es ein gro\u00dfes Privileg, auf diesem einmaligem Gel\u00e4nde eine Jagd veranstalten zu d\u00fcrfen, daf\u00fcr vielen Dank an die Gest\u00fctsverwaltung des Haupt- und Landgest\u00fcts Marbach mit Landoberstallmeisterin Dr. Astrid von Velsen-Zerweck<\/p>\n<p>Besonderen Dank an die Mitarbeiter HSM Herbert Strobel mit Familie, Josef B\u00fcchele und alle Helfer des Gest\u00fcts f\u00fcr die Organisation, die Jagdhornbl\u00e4ser Rallye W\u00fcrttemberg, den Fotografen Thore Brockhoff, Gerd Maiss und Familie Sch\u00f6ck, dem Roten Kreuz St. Johann und allen Helfern und Sponsoren, ohne die diese Jagd nicht m\u00f6glich w\u00e4re.<\/p>\n<p>Link zu den <a href=\"http:\/\/202.de\/herbstjagd-st-johann-2018\/\" target=\"_blank\" rel=\"noopener\">Bildern von Thore Brockhoff &amp; Gerd Maiss<\/a><\/p>\n<hr \/>\n<p>ein weiterer Bericht von einer Neueinsteigerin:<\/p>\n<p><strong>08.09 Er\u00f6ffnungsjagd in St. Johann<\/strong><\/p>\n<p>Meine erste Jagd bei bestem Wetter\u2026<\/p>\n<p>Der Badische Schleppjagdverein e.V. Hardt Meute veranstaltete am 08.09. die erste Jagd der Saison auf dem Gest\u00fctshof in St. Johann.<br \/>\nUm 12:30 Uhr trafen sich \u00fcber 30 Reiter zum Stelldichein auf dem Hof. F\u00fcr Essen und Trinken war mit Kuchen, Brezeln und W\u00fcrstchen reichlich gesorgt.<br \/>\nEine Stunde sp\u00e4ter nach dem 3. mal Blasen der Rallye W\u00fcrttemberg, sa\u00dfen alle zur Begr\u00fc\u00dfung auf dem Pferd. Dann ging es endlich los zu meiner ersten Jagd hinter den Hunden der Hardt Meute.<br \/>\nDie Feldf\u00fchrer f\u00fchrten uns sicher durch die erste und auch durch die weiteren f\u00fcnf Schleppen \u00fcber das h\u00fcgelige Gel\u00e4nde.<br \/>\nDie Pferde gaben Vollgas und die Hunde erledigten ihren Job hoch motiviert. In der letzten Schleppe vor der Pause waren die ersten und die einzigen Spr\u00fcnge der Jagd, die jeder springen konnte aber nicht musste. Au\u00dfer einem Sturz an der Hecke kamen alle heil dr\u00fcber und der gest\u00fcrzten Reiterin und ihrem Pferd geht es wieder gut.<br \/>\nAm Fohlenhof legten wir eine kleine Pause zum Essen und Trinken ein. Die Pferde und Reiter waren f\u00fcr die vielen Wanderer ein gro\u00dfes Highlight.<br \/>\nMit neuer Energie ging es nach 20 Minuten wieder auf die Pferde und zu den n\u00e4chsten und letzten zwei Schleppen. Auch diese wurden erfolgreich bew\u00e4ltigt.<br \/>\nMit einem L\u00e4cheln im Gesicht stiegen wir um ca. 16:30 Uhr alle vom Pferd und stellten uns zum Cure\u00e9 auf und die Hunde bekamen ihre wohl verdiente Belohnung. Ich bekam einen Bruch und meinen ersten Jagdknopf. Ein herrlicher Jagdtag ging zu Ende. Mein Pony ging fantastisch. Ich komme wieder!<\/p>\n<p>Bericht Pia Betz<\/p>\n<p><img loading=\"lazy\" decoding=\"async\" class=\"mfp-img aligncenter\" src=\"http:\/\/202.de\/wp-content\/uploads\/2018-09-08-Herbstjagd-St.-Johann-2018-Gerd-Maiss-84-1366x2048.jpg\" alt=\"\" width=\"217\" height=\"322\" \/><\/p>\n<hr \/>\n<p>einige Eindr\u00fccke der Jagd&#8230;Dank an die Fotografen!!<\/p>\n<p><img decoding=\"async\" src=\"https:\/\/scontent-ber1-1.xx.fbcdn.net\/v\/t1.0-9\/41309168_1998947493502935_1840746047316426752_o.jpg?_nc_cat=0&amp;oh=89121ed6b8aa28cca6240624bd9cd1f0&amp;oe=5C29CA4F\" alt=\"Bild k\u00c3\u00b6nnte enthalten: 1 Person, l\u00c3\u00a4chelnd, Pferd und im Freien\" \/><\/p>\n<p><img decoding=\"async\" src=\"http:\/\/202.de\/wp-content\/uploads\/2018-09-08-Herbstjagd-St.-Johann-2018-Gerd-Maiss-16-2048x1365.jpg\" \/><\/p>\n<p><img decoding=\"async\" src=\"https:\/\/scontent-ber1-1.xx.fbcdn.net\/v\/t1.0-9\/41356962_1100161476801942_8391416225711783936_o.jpg?_nc_cat=0&amp;oh=60bb7a6e3b3dc13afe0aa7154a6d6595&amp;oe=5C351D62\" alt=\"Bild k\u00c3\u00b6nnte enthalten: Pferd, Himmel, Baum und im Freien\" \/><\/p>\n<p><img decoding=\"async\" src=\"http:\/\/202.de\/wp-content\/uploads\/2018-09-08-Herbstjagd-St.-Johann-2018-Gerd-Maiss-1-2048x1365.jpg\" \/><\/p>\n<p><img decoding=\"async\" class=\"spotlight\" src=\"https:\/\/scontent-ber1-1.xx.fbcdn.net\/v\/t1.0-9\/41286203_1099841566833933_7663025944524750848_o.jpg?_nc_cat=0&amp;oh=f3b7e6d96dd94f5afafd9805b86afb25&amp;oe=5C2FCA3E\" alt=\"Bild k\u00f6nnte enthalten: 2 Personen, Reiter, im Freien und Natur\" aria-busy=\"false\" \/><\/p>\n<p><img decoding=\"async\" src=\"http:\/\/202.de\/wp-content\/uploads\/202.DE-2018-09-08-Herbstjagd-St.-Johann-2018-21-2048x1152.jpg\" \/><\/p>\n<p><img decoding=\"async\" src=\"http:\/\/202.de\/wp-content\/uploads\/202.DE-2018-09-08-Herbstjagd-St.-Johann-2018-26-2048x1367.jpg\" \/><\/p>\n<p><img decoding=\"async\" src=\"http:\/\/202.de\/wp-content\/uploads\/202.DE-2018-09-08-Herbstjagd-St.-Johann-2018-29-2048x1152.jpg\" \/><\/p>\n<p><img decoding=\"async\" src=\"http:\/\/202.de\/wp-content\/uploads\/2018-09-08-Herbstjagd-St.-Johann-2018-Gerd-Maiss-58-2048x1366.jpg\" \/><\/p>\n<p><img decoding=\"async\" src=\"https:\/\/scontent-ber1-1.xx.fbcdn.net\/v\/t1.0-9\/41257903_1998947633502921_6571134202912178176_o.jpg?_nc_cat=0&amp;oh=ed766aece5968e04ea7e363334cc7f70&amp;oe=5C30CF7E\" alt=\"Bild k\u00c3\u00b6nnte enthalten: 1 Person, reitet auf einem Pferd, Pferd, Baum, Himmel, im Freien und Natur\" \/><\/p>\n<p><img decoding=\"async\" src=\"http:\/\/202.de\/wp-content\/uploads\/202.DE-2018-09-08-Herbstjagd-St.-Johann-2018-39-2048x1366.jpg\" \/><\/p>\n<p><img decoding=\"async\" src=\"http:\/\/202.de\/wp-content\/uploads\/202.DE-2018-09-08-Herbstjagd-St.-Johann-2018-40-2048x1367.jpg\" \/><\/p>\n<p><img decoding=\"async\" src=\"http:\/\/202.de\/wp-content\/uploads\/202.DE-2018-09-08-Herbstjagd-St.-Johann-2018-49-2048x1367.jpg\" \/><\/p>\n<p><img decoding=\"async\" src=\"http:\/\/202.de\/wp-content\/uploads\/202.DE-2018-09-08-Herbstjagd-St.-Johann-2018-51-2048x1367.jpg\" \/><\/p>\n<p><img decoding=\"async\" src=\"http:\/\/202.de\/wp-content\/uploads\/2018-09-08-Herbstjagd-St.-Johann-2018-Gerd-Maiss-56-2048x1365.jpg\" \/><\/p>\n<p><img decoding=\"async\" class=\"spotlight\" src=\"https:\/\/scontent-ber1-1.xx.fbcdn.net\/v\/t1.0-9\/41299938_1100162380135185_2730406758420840448_o.jpg?_nc_cat=0&amp;oh=a76ac3110fd450cae86869f2d39fbaa8&amp;oe=5C1DFADB\" alt=\"Bild k\u00f6nnte enthalten: 1 Person, reitet auf einem Pferd, Baum, im Freien und Natur\" aria-busy=\"false\" \/><\/p>\n<p><img decoding=\"async\" src=\"http:\/\/202.de\/wp-content\/uploads\/2018-09-08-Herbstjagd-St.-Johann-2018-Gerd-Maiss-52-2048x1365.jpg\" \/><\/p>\n<p>&nbsp;<\/p>\n<p><img decoding=\"async\" src=\"http:\/\/202.de\/wp-content\/uploads\/202.DE-2018-09-08-Herbstjagd-St.-Johann-2018-62-2048x1367.jpg\" \/><\/p>\n<p><img decoding=\"async\" src=\"http:\/\/202.de\/wp-content\/uploads\/202.DE-2018-09-08-Herbstjagd-St.-Johann-2018-66-2048x1367.jpg\" \/><\/p>\n<p><img decoding=\"async\" class=\"spotlight\" src=\"https:\/\/scontent-ber1-1.xx.fbcdn.net\/v\/t1.0-9\/41329211_1100162606801829_2380711667936788480_o.jpg?_nc_cat=0&amp;oh=b5c577a21714aa6d7193a0ac592186b0&amp;oe=5C22A0F7\" alt=\"Bild k\u00f6nnte enthalten: 1 Person, l\u00e4chelnd, reitet auf einem Pferd, Pferd, Himmel, im Freien und Natur\" aria-busy=\"false\" \/><\/p>\n<p><img decoding=\"async\" class=\"spotlight\" src=\"https:\/\/scontent-ber1-1.xx.fbcdn.net\/v\/t1.0-9\/41362917_1100161916801898_3383139575781130240_o.jpg?_nc_cat=0&amp;oh=55a7516fb86e33dd69168ec699e11eac&amp;oe=5C29870F\" alt=\"Bild k\u00f6nnte enthalten: 3 Personen, Personen, die lachen, Reiter, im Freien und Natur\" aria-busy=\"false\" \/><\/p>\n<p><img decoding=\"async\" src=\"https:\/\/scontent-ber1-1.xx.fbcdn.net\/v\/t1.0-9\/41337673_1099842166833873_8703621147964473344_o.jpg?_nc_cat=0&amp;oh=bedf1eb69e90843ea8d82e56bfd78972&amp;oe=5C2A8016\" alt=\"Bild k\u00c3\u00b6nnte enthalten: 1 Person, Gras, Baum, im Freien und Natur\" \/><\/p>\n<p><img decoding=\"async\" src=\"https:\/\/scontent-ber1-1.xx.fbcdn.net\/v\/t1.0-9\/41461340_1099842283500528_8335222570123001856_o.jpg?_nc_cat=0&amp;oh=ab41c15c6fd77e069f0aa012f60a0e60&amp;oe=5C2BBC30\" alt=\"Bild k\u00c3\u00b6nnte enthalten: 4 Personen, Personen, die stehen und im Freien\" \/><\/p>\n<p><img decoding=\"async\" src=\"http:\/\/202.de\/wp-content\/uploads\/202.DE-2018-09-08-Herbstjagd-St.-Johann-2018-95-2048x1366.jpg\" \/><\/p>\n<p><img decoding=\"async\" src=\"http:\/\/202.de\/wp-content\/uploads\/202.DE-2018-09-08-Herbstjagd-St.-Johann-2018-99-2048x1367.jpg\" \/><\/p>\n<p><img decoding=\"async\" class=\"mfp-img\" src=\"http:\/\/202.de\/wp-content\/uploads\/2018-09-08-Herbstjagd-St.-Johann-2018-Gerd-Maiss-105-2048x1366.jpg\" \/><\/p>\n<p><img decoding=\"async\" src=\"http:\/\/202.de\/wp-content\/uploads\/2018-09-08-Herbstjagd-St.-Johann-2018-Gerd-Maiss-88-2048x1365.jpg\" \/><\/p>\n","protected":false},"excerpt":{"rendered":"<p>Saisonauftakt der Hardt Meute Bei traumhaften, sp\u00e4tsommerlichen Wetter fand der Saisonauftakt der Hardt Meute des Badischen Schleppjagdvereins auf dem Gest\u00fctshof St. Johann des Haupt- und Landgest\u00fcts Marbach statt.<\/p>\n","protected":false},"author":1,"featured_media":0,"comment_status":"closed","ping_status":"closed","sticky":false,"template":"","format":"standard","meta":{"footnotes":""},"categories":[1,410],"tags":[394,25,26,31,27,36,28,387],"class_list":["post-2478","post","type-post","status-publish","format-standard","hentry","category-jagdberichte","category-jagdberichte-2018","tag-394","tag-hardt-meute","tag-hardtmeute","tag-jagdbericht","tag-jagden","tag-marbach","tag-schleppjagden","tag-st-johann"],"_links":{"self":[{"href":"http:\/\/wp.hardtmeute.de\/index.php?rest_route=\/wp\/v2\/posts\/2478","targetHints":{"allow":["GET"]}}],"collection":[{"href":"http:\/\/wp.hardtmeute.de\/index.php?rest_route=\/wp\/v2\/posts"}],"about":[{"href":"http:\/\/wp.hardtmeute.de\/index.php?rest_route=\/wp\/v2\/types\/post"}],"author":[{"embeddable":true,"href":"http:\/\/wp.hardtmeute.de\/index.php?rest_route=\/wp\/v2\/users\/1"}],"replies":[{"embeddable":true,"href":"http:\/\/wp.hardtmeute.de\/index.php?rest_route=%2Fwp%2Fv2%2Fcomments&post=2478"}],"version-history":[{"count":6,"href":"http:\/\/wp.hardtmeute.de\/index.php?rest_route=\/wp\/v2\/posts\/2478\/revisions"}],"predecessor-version":[{"id":2494,"href":"http:\/\/wp.hardtmeute.de\/index.php?rest_route=\/wp\/v2\/posts\/2478\/revisions\/2494"}],"wp:attachment":[{"href":"http:\/\/wp.hardtmeute.de\/index.php?rest_route=%2Fwp%2Fv2%2Fmedia&parent=2478"}],"wp:term":[{"taxonomy":"category","embeddable":true,"href":"http:\/\/wp.hardtmeute.de\/index.php?rest_route=%2Fwp%2Fv2%2Fcategories&post=2478"},{"taxonomy":"post_tag","embeddable":true,"href":"http:\/\/wp.hardtmeute.de\/index.php?rest_route=%2Fwp%2Fv2%2Ftags&post=2478"}],"curies":[{"name":"wp","href":"https:\/\/api.w.org\/{rel}","templated":true}]}}