{"id":6030,"date":"2026-09-01T21:11:32","date_gmt":"2026-09-01T19:11:32","guid":{"rendered":"https:\/\/wp.hardtmeute.de\/?p=6030"},"modified":"2026-09-01T22:02:32","modified_gmt":"2026-09-01T20:02:32","slug":"24-10-26-einladung-schleppjagd-ellwangen-rindelbach","status":"publish","type":"post","link":"http:\/\/wp.hardtmeute.de\/?p=6030","title":{"rendered":"24.10.26 Einladung Schleppjagd Ellwangen-Rindelbach"},"content":{"rendered":"\n<figure class=\"wp-block-image size-large\"><img decoding=\"async\" src=\"http:\/\/wp.hardtmeute.de\/wp-content\/uploads\/2026\/09\/WhatsApp-Image-2026-09-01-at-21.08.09.jpeg\" alt=\"\"\/><\/figure>\n\n\n\n<p class=\"has-text-align-center\">Der Reit- und Fahrverein Rindelbach u.U. e.V. und die Hardt Meute des Badischen Schleppjagdverein e.V. laden zur Schleppjagd am Samstag 24. Oktober 2026 nach Ellwangen-Rindelbach ein.<\/p>\n\n\n<p><!--more--><\/p>\n\n\n<p class=\"has-text-align-center\">Jagdherrschaft &nbsp;Katharina Voltenauer &amp; Andrea Schiffne<br>Master Andrea Wiehn<br>Reiterliche Jagdhornbl\u00e4ser Ellwangen<\/p>\n\n\n\n<div class=\"wp-block-group\"><div class=\"wp-block-group__inner-container is-layout-flow wp-block-group-is-layout-flow\">\n<p>ab 11:00 Uhr Stelldichein Schloss ob Ellwangen <br>12:30 Uhr Begr\u00fc\u00dfung\/Abritt<br>ca. 16:00 Uhr Curr\u00e9e &nbsp;an der Sch\u00f6nenbergkirche<\/p>\n\n\n\n<p>im Anschluss Gemeinsames Jagdessen auf dem Jagsttalhof in Rindelbach mit Festabend.<\/p>\n<\/div><\/div>\n\n\n\n<p>Die Jagdstrecke betr\u00e4gt ca. 20 km, mit 7 Schleppen in vielseitigem Gel\u00e4nde und einigen Hindernissen, die umritten werden k\u00f6nnen. Die Jagdstecke kann von einem ambitionierten Gel\u00e4ndereiter\/in gut gemeistert werden. Es wird in 2 Feldern geritten. Jagdliche Kleidung ist gew\u00fcnscht, auf splittersichere Reitkappe ist Pflicht, Schutzweste wird empfohlen.<\/p>\n\n\n\n<p>Cup: Reiter 60\u20ac<br>Begleitperson 20\u20ac<\/p>\n\n\n\n<p>inkl. Verpflegung Stelldichein\/Rast\/Jagdessen Die Jagdherrschaft l\u00e4dt abends herzliche zur Abendveranstaltung mit Musik und Tanz (DJ, BAR, alkoholische Getr\u00e4nke ), f\u00fcr das leibliche Wohl ist gesorgt. Am\u00fcsenment Spende von ca. 20\u20ac wird von den reizenden Damen an der Anmeldung in Empfang genommen.<\/p>\n\n\n\n<p>Anmeldung bei Katharina Voltenauer unter 0176-61191827 oder per Mail katharina_mayer@gmx.net. Per Mail eingegangene Anmeldungen werden best\u00e4tigt. <\/p>\n\n\n\n<p>Es ist eine begrenzte Anzahl an Gastboxen vorhanden, bei Bedarf bitte bei der Anmeldung mit angeben.<\/p>\n\n\n\n<p class=\"has-text-align-center\"><\/p>\n\n\n\n<figure class=\"wp-block-image size-full\"><img loading=\"lazy\" decoding=\"async\" width=\"1178\" height=\"1587\" src=\"https:\/\/wp.hardtmeute.de\/wp-content\/uploads\/2026\/08\/IMG_2877.jpeg\" alt=\"\" class=\"wp-image-6033\" srcset=\"http:\/\/wp.hardtmeute.de\/wp-content\/uploads\/2026\/08\/IMG_2877.jpeg 1178w, http:\/\/wp.hardtmeute.de\/wp-content\/uploads\/2026\/08\/IMG_2877-223x300.jpeg 223w, http:\/\/wp.hardtmeute.de\/wp-content\/uploads\/2026\/08\/IMG_2877-1140x1536.jpeg 1140w\" sizes=\"auto, (max-width: 1178px) 100vw, 1178px\" \/><\/figure>\n\n\n\n<p>Einladung: <a href=\"http:\/\/wp.hardtmeute.de\/wp-content\/uploads\/2026\/09\/EINLADUNG-ZUR-SCHLEPPJAGD-AM-SAMSTAG.pdf\">Schleppjagd Ellwangen <\/a><\/p>\n\n\n\n<p><strong>Anfahrt:<\/strong><br>Stelldichein Navi Schloss ob Ellwangen Parken entlang der Stra\u00dfe im Gr\u00fcnstreifen<\/p>\n\n\n\n<p>Jagdessen\/Abendveranstaltung Jagsttalhof Kellerhausstra\u00dfe 13, 73479 Ellwangen\/Rindelbach H\u00e4ngerparkplatz Richtung Sportplatz Kellerhausstra\u00dfe 2<\/p>\n\n\n\n<p style=\"font-size:10px\"><strong>Haftung, Unf\u00e4lle<\/strong><br><\/p>\n\n\n\n<p style=\"font-size:10px\">Private Veranstaltung: Wir haften ohne Beschr\u00e4nkung nach den gesetzlichen Bestimmungen f\u00fcr Sch\u00e4den an Leben, K\u00f6rper und Gesundheit, die auf einer schuldhaften Pflichtverletzung von uns, unseren gesetzlichen Vertretern oder unseren Erf\u00fcllungsgehilfen beruhen.<br>Die Veranstalter weisen ausdr\u00fccklich auf die Gef\u00e4hrlichkeit des Reitens im Gel\u00e4nde hin. Die Haftung der gesetzlichen Vertreter und der Erf\u00fcllungsgehilfen des Veranstalters f\u00fcr Sch\u00e4den aus der Verletzung des Lebens, des K\u00f6rpers und der Gesundheit sowie die Haftung des Veranstalters, seiner Vertreter und seiner Erf\u00fcllungsgehilfen f\u00fcr sonstige Sch\u00e4den ist ausgeschlossen, soweit die Haftung auf einfacher Fahrl\u00e4ssigkeit beruht.<br>Wir haften ferner ohne Beschr\u00e4nkung nach den gesetzlichen Bestimmungen f\u00fcr Sch\u00e4den, die auf vors\u00e4tzlichen oder grob fahrl\u00e4ssigen Vertragsverletzungen sowie Arglist von uns, unseren gesetzlichen Vertretern oder unseren Erf\u00fcllungsgehilfen beruhen. Beruht ein Schaden auf der einfach fahrl\u00e4ssigen Verletzung einer wesentlichen Vertragspflicht oder auf der einfach fahrl\u00e4ssigen Verletzung einer Pflicht, deren Erf\u00fcllung die ordnungsgem\u00e4\u00dfe Durchf\u00fchrung des Vertrags \u00fcberhaupt erst erm\u00f6glicht und auf deren Einhaltung unsere Vertragspartner regelm\u00e4\u00dfig vertrauen d\u00fcrfen, so haften wir auch f\u00fcr einen solchen Schaden. Wir haften generell im Rahmen unserer Veranstalterhaftpflicht.<br>Weitergehende Haftungsanspr\u00fcche gegen uns bestehen nicht, und zwar unabh\u00e4ngig von der Rechtsnatur der gegen uns erhobenen Anspr\u00fcche. Eine g\u00fcltige Pferdehaftpflichtversicherung f\u00fcr alle mitreitenden Teilnehmer ist Pflicht und auf Anforderung vorzuzeigen. Hunde sind an der Leine zu f\u00fchren. Pferde m\u00fcssen  frei von ansteckenden Krankheiten sein. Der Pferdepass ist auf Verlangen vorzuzeigen. <\/p>\n\n\n\n\n\n<p class=\"has-small-font-size\"><strong>Wichtiger Hinweis:<\/strong><br>Bei dieser Veranstaltung werden Foto- und Filmaufnahmen angefertigt, die in verschiedenen Medien ver\u00f6ffentlicht werden. Eine Darstellung der Bilder erfolgt im Internet, in Printmedien und auf Social-Media-Kan\u00e4len. Mit der Teilnahme als Reiter, Zuschauer oder Begleiter erfolgt die Einwilligung der anwesenden Personen zu unentgeltlichen Ver\u00f6ffentlichung wie oben beschrieben \u2013 und zwar ohne da\u00df es einer ausdr\u00fccklichen Erkl\u00e4rung der betreffenden Personen bedarf. Sollte die betreffende Person mit einer Ver\u00f6ffentlichung einer fotografischen Darstellung ihrer Person nicht einverstanden sein, bitten wir, um umgehende Benachrichtigung, entweder bei der Anmeldung, auf der Meldestelle, per Mail oder Telefon. Das Gleiche gilt auch f\u00fcr Filmaufnahmen.<\/p>\n","protected":false},"excerpt":{"rendered":"<p>Der Reit- und Fahrverein Rindelbach u.U. e.V. und die Hardt Meute des Badischen Schleppjagdverein e.V. laden zur Schleppjagd am Samstag 24. Oktober 2026 nach Ellwangen-Rindelbach ein.<\/p>\n","protected":false},"author":6,"featured_media":0,"comment_status":"closed","ping_status":"closed","sticky":false,"template":"","format":"standard","meta":{"footnotes":""},"categories":[521],"tags":[11,420,25,26,27,421,398,28,23],"class_list":["post-6030","post","type-post","status-publish","format-standard","hentry","category-einladung-2025","tag-einladung","tag-ellwangen","tag-hardt-meute","tag-hardtmeute","tag-jagden","tag-rindelbach","tag-schleppjagd","tag-schleppjagden","tag-termine"],"_links":{"self":[{"href":"http:\/\/wp.hardtmeute.de\/index.php?rest_route=\/wp\/v2\/posts\/6030","targetHints":{"allow":["GET"]}}],"collection":[{"href":"http:\/\/wp.hardtmeute.de\/index.php?rest_route=\/wp\/v2\/posts"}],"about":[{"href":"http:\/\/wp.hardtmeute.de\/index.php?rest_route=\/wp\/v2\/types\/post"}],"author":[{"embeddable":true,"href":"http:\/\/wp.hardtmeute.de\/index.php?rest_route=\/wp\/v2\/users\/6"}],"replies":[{"embeddable":true,"href":"http:\/\/wp.hardtmeute.de\/index.php?rest_route=%2Fwp%2Fv2%2Fcomments&post=6030"}],"version-history":[{"count":6,"href":"http:\/\/wp.hardtmeute.de\/index.php?rest_route=\/wp\/v2\/posts\/6030\/revisions"}],"predecessor-version":[{"id":6048,"href":"http:\/\/wp.hardtmeute.de\/index.php?rest_route=\/wp\/v2\/posts\/6030\/revisions\/6048"}],"wp:attachment":[{"href":"http:\/\/wp.hardtmeute.de\/index.php?rest_route=%2Fwp%2Fv2%2Fmedia&parent=6030"}],"wp:term":[{"taxonomy":"category","embeddable":true,"href":"http:\/\/wp.hardtmeute.de\/index.php?rest_route=%2Fwp%2Fv2%2Fcategories&post=6030"},{"taxonomy":"post_tag","embeddable":true,"href":"http:\/\/wp.hardtmeute.de\/index.php?rest_route=%2Fwp%2Fv2%2Ftags&post=6030"}],"curies":[{"name":"wp","href":"https:\/\/api.w.org\/{rel}","templated":true}]}}